{"id":12015,"date":"2023-11-04T13:19:00","date_gmt":"2023-11-04T12:19:00","guid":{"rendered":"https:\/\/www.aplicacionsaudiovisuals.com\/nuevo-sistema-de-cobertura-fija-c15-y-c30-de-seeburg\/"},"modified":"2025-04-23T11:06:21","modified_gmt":"2025-04-23T09:06:21","slug":"nuevo-sistema-de-cobertura-fija-c15-y-c30-de-seeburg","status":"publish","type":"post","link":"https:\/\/www.aplicacionsaudiovisuals.com\/es\/nuevo-sistema-de-cobertura-fija-c15-y-c30-de-seeburg\/","title":{"rendered":"Nuevo sistema de cobertura fija C15 y C30 de Seeburg"},"content":{"rendered":"<p><a href=\"https:\/\/www.seeburg.net\/\" target=\"_blank\" rel=\"noreferrer noopener\"><em><strong>Seeburg Acoustic Line<\/strong><\/em><\/a> nos presenta el nuevo sistema Linearray de cobertura constante, los modelos <a href=\"https:\/\/www.aplicacionsaudiovisuals.com\/producte\/altaveus\/c-15-c-30\/\">C15 y C30<\/a> . La dispersi\u00f3n vertical est\u00e1 definida en cada caso, 15 grados en el modelo C15 y 30 grados en el C30.  <\/p><p>El sistema de Rigging y su filtro pasivo de alto rendimiento incorporado en cada caja, simplifica el proceso de montaje y amplificaci\u00f3n, haciendo que el sistema sea ideal tanto en instalaciones fijas como en actividades medias itinerantes.<\/p><div style=\"height:32px\" aria-hidden=\"true\" class=\"wp-block-spacer\"><\/div><figure class=\"wp-block-table\"><table class=\"has-fixed-layout\"><tbody><tr><td><\/td><td><strong>C 15<br\/><br\/><\/strong><\/td><td><strong>C 30<\/strong><\/td><\/tr><tr><td><strong>Componentes del Altaveu<br\/><\/strong><\/td><td><br\/>2 x 10\u201c Nd (3\u201cVC) &#8211;<br\/><br\/><br\/> 3 x 1\u201c Nd (1,7\u201c VC)<\/td><td>2 x 10\u201c Nd (3\u201cVC) &#8211;<br\/> 3 x 1\u201c Nd (1,7\u201c VC)<\/td><\/tr><tr><td><strong>Descripci\u00f3n<\/strong><\/td><td>Constante Curvature Array Unidos<br\/><\/td><td>Constante Curvature Array Unidos<br\/><\/td><\/tr><tr><td><strong>Potencia AES \/ Pic<br\/><\/strong><\/td><td>800 W \/ 2400 W<br\/><\/td><td>800 W \/ 2400 W<br\/><\/td><\/tr><tr><td><strong>Impedancia nominal<br\/><\/strong><\/td><td>8 \u03a9<\/td><td>8 \u03a9<\/td><\/tr><tr><td><strong>SPL 1 W \/ Peak @ 1 m<br\/><br\/><\/strong><\/td><td>100 dB \/ 134 dB<br\/><\/td><td>100 dB \/ 134 dB<br\/><\/td><\/tr><tr><td><strong>Rango Utilizable<br\/><\/strong><\/td><td>70 Hz &#8211; 20 kHz (-6 dB)<\/td><td>70 Hz &#8211; 20 kHz (-6 dB)<\/td><\/tr><tr><td><strong>Frecuencia de sintonizaci\u00f3n (min.)<br\/><br\/><br\/><br\/><\/strong><\/td><td>80 Hz<br\/><br\/><\/td><td>80 Hz<br\/><br\/><\/td><\/tr><tr><td><strong>X &#8211; Overpoint acoustical<br\/><\/strong><\/td><td>800 Hz<br\/><\/td><td>800 Hz<br\/><\/td><\/tr><tr><td><strong>Cobertura horizontal x vertical<br\/><br\/><br\/><br\/><\/strong><\/td><td>90\u00b0 x 15\u00b0<br\/><\/td><td>90\u00b0 x 30\u00b0<br\/><\/td><\/tr><tr><td><strong>\u00c1ngulo m\u00e1ximo de dispersi\u00f3n<\/strong><br\/><br\/><br\/><br\/><\/td><td>15\u00b0<br\/><\/td><td>30\u00b0<br\/><\/td><\/tr><tr><td><strong>Conectores<\/strong><\/td><td><br\/>2 x Speakon NL4MP in\/out,<br\/> Coding: 1+\/- HiMid, 2+\/- loop thru<\/td><td><br\/>2 x Speakon NL4MP in\/out,<br\/> Coding: 1+\/- HiMid, 2+\/- loop thru<\/td><\/tr><tr><td><strong>Asas<\/strong><\/td><td>2 x<\/td><td>2 x<\/td><\/tr><tr><td><strong>Accesorios<\/strong><\/td><td>Hardware de vuelo integrado,<br\/> 8 x M10 para MultiRigg\u2122\/MultiTilt\u2122<\/td><td>Hardware de vuelo integrado,<br\/> 8 x M10 para MultiRigg\u2122\/MultiTilt\u2122<\/td><\/tr><tr><td><strong>Peso<\/strong><\/td><td><br\/>25 kg<\/td><td><br\/>23,5 kg<\/td><\/tr><tr><td><strong>Tama\u00f1o: altura x anchura x profundidad<\/strong><\/td><td>32,0 x 70,0 x 38,0 cm<br\/><\/td><td>32,0 x 70,0 x 38,2 cm<br\/><br\/><\/td><\/tr><\/tbody><\/table><\/figure><div style=\"height:32px\" aria-hidden=\"true\" class=\"wp-block-spacer\"><\/div><h2 class=\"wp-block-heading\">Caracter\u00edsticas t\u00e9cnicas<\/h2><p>Los componentes de los dos sistemas son de neodinium, con dos unidades de 10&#8243; para los graves y 3 unidades de diafragmas de 1&#8243; para los agudos. El sistema es pasivo con una sola amplificaci\u00f3n de 800 W AESS a 8 ohmios. Su sensibilidad es de 100 dbspl con 1 W a 1 metro. Alcanzando un m\u00e1ximo de 134 dbspl de peak. El rango de frecuencias va 70 Hz &#8211; 20 kHz (-6 dB), con un \u00e1ngulo de cobertura de 90\u00b0 horizontal y 15\u00b0 y 30\u00b0 verticales seg\u00fan modelo. Las conexiones se realizan con conectores speakon de 4 contactos colocados detr\u00e1s de la caja. Por su manipulaci\u00f3n disponen de dos asas y el sistema de volado est\u00e1 incorporado en cada caja.      <\/p><h2 class=\"wp-block-heading\">Accesorios<\/h2><p>El sistema tiene una gran variedad de elemento de instalaci\u00f3n, grapas, alientos&#8230; Que dan soluci\u00f3n a cualquier implantaci\u00f3n por compleja que sea. Tambi\u00e9n cabe destacar la caja de transporte, pensada para llevar un C15 y un C30 a la vez.  <\/p><div style=\"height:32px\" aria-hidden=\"true\" class=\"wp-block-spacer\"><\/div><div class=\"wp-block-buttons is-layout-flex wp-block-buttons-is-layout-flex\"><div class=\"wp-block-button\"><a class=\"wp-block-button__link wp-element-button\" href=\"https:\/\/www.aplicacionsaudiovisuals.com\/producte\/altaveus\/c-15-c-30\/\">M\u00e1s informaci\u00f3n<\/a><\/div>\n\n<div class=\"wp-block-button\"><a class=\"wp-block-button__link wp-element-button\" href=\"https:\/\/www.aplicacionsaudiovisuals.com\/wp-content\/uploads\/2025\/02\/C15-C30_Datasheet_en.pdf\">Ficha t\u00e9cnica<\/a><\/div><\/div>","protected":false},"excerpt":{"rendered":"<p>Seeburg Acoustic Line nos presenta el nuevo sistema Linearray de constante cobertura, los modelos C15 y C30. La dispersi\u00f3n vertical est\u00e1 definida en cada caso, 15 grados en el modelo C15 y 30 grados en el C30. La dispersi\u00f3n horizontal se mantiene a 90 grados en cualquiera de sus modelos.  <\/p>\n","protected":false},"author":1,"featured_media":11867,"comment_status":"open","ping_status":"open","sticky":false,"template":"","format":"standard","meta":{"footnotes":""},"categories":[132,133],"tags":[137],"class_list":["post-12015","post","type-post","status-publish","format-standard","has-post-thumbnail","hentry","category-novedades","category-productos","tag-seeburg-es"],"yoast_head":"<!-- This site is optimized with the Yoast SEO plugin v24.9 - https:\/\/yoast.com\/wordpress\/plugins\/seo\/ -->\n<title>Nuevo sistema de cobertura fija C15 y C30 de Seeburg - Aplicacions Audiovisuals<\/title>\n<meta name=\"description\" content=\"Seeburg Acoustic Line nos presenta el nuevo sistema Linearray de constante cobertura, los modelos C15 y C30.\" \/>\n<meta name=\"robots\" content=\"index, follow, max-snippet:-1, max-image-preview:large, max-video-preview:-1\" \/>\n<link rel=\"canonical\" href=\"https:\/\/www.aplicacionsaudiovisuals.com\/es\/nuevo-sistema-de-cobertura-fija-c15-y-c30-de-seeburg\/\" \/>\n<meta property=\"og:locale\" content=\"es_ES\" \/>\n<meta property=\"og:type\" content=\"article\" \/>\n<meta property=\"og:title\" content=\"Nuevo sistema de cobertura fija C15 y C30 de Seeburg - Aplicacions Audiovisuals\" \/>\n<meta property=\"og:description\" content=\"Seeburg Acoustic Line nos presenta el nuevo sistema Linearray de constante cobertura, los modelos C15 y C30.\" \/>\n<meta property=\"og:url\" content=\"https:\/\/www.aplicacionsaudiovisuals.com\/es\/nuevo-sistema-de-cobertura-fija-c15-y-c30-de-seeburg\/\" \/>\n<meta property=\"og:site_name\" content=\"Aplicacions Audiovisuals\" \/>\n<meta property=\"article:publisher\" content=\"https:\/\/www.facebook.com\/aplicacionsaudiovisuals\" \/>\n<meta property=\"article:published_time\" content=\"2023-11-04T12:19:00+00:00\" \/>\n<meta property=\"article:modified_time\" content=\"2025-04-23T09:06:21+00:00\" \/>\n<meta property=\"og:image\" content=\"https:\/\/www.aplicacionsaudiovisuals.com\/wp-content\/uploads\/2025\/03\/Nou-sistema-de-cobertura-fixa-C15-i-C30.jpg\" \/>\n\t<meta property=\"og:image:width\" content=\"1300\" \/>\n\t<meta property=\"og:image:height\" content=\"867\" \/>\n\t<meta property=\"og:image:type\" content=\"image\/jpeg\" \/>\n<meta name=\"author\" content=\"digital@marlonbranding.net\" \/>\n<meta name=\"twitter:card\" content=\"summary_large_image\" \/>\n<meta name=\"twitter:label1\" content=\"Escrito por\" \/>\n\t<meta name=\"twitter:data1\" content=\"digital@marlonbranding.net\" \/>\n\t<meta name=\"twitter:label2\" content=\"Tiempo de lectura\" \/>\n\t<meta name=\"twitter:data2\" content=\"2 minutos\" \/>\n<script type=\"application\/ld+json\" class=\"yoast-schema-graph\">{\"@context\":\"https:\/\/schema.org\",\"@graph\":[{\"@type\":\"Article\",\"@id\":\"https:\/\/www.aplicacionsaudiovisuals.com\/es\/nuevo-sistema-de-cobertura-fija-c15-y-c30-de-seeburg\/#article\",\"isPartOf\":{\"@id\":\"https:\/\/www.aplicacionsaudiovisuals.com\/es\/nuevo-sistema-de-cobertura-fija-c15-y-c30-de-seeburg\/\"},\"author\":{\"name\":\"digital@marlonbranding.net\",\"@id\":\"https:\/\/www.aplicacionsaudiovisuals.com\/es\/#\/schema\/person\/ce9fea12da16ed781032a1c66b9fd6ea\"},\"headline\":\"Nuevo sistema de cobertura fija C15 y C30 de Seeburg\",\"datePublished\":\"2023-11-04T12:19:00+00:00\",\"dateModified\":\"2025-04-23T09:06:21+00:00\",\"mainEntityOfPage\":{\"@id\":\"https:\/\/www.aplicacionsaudiovisuals.com\/es\/nuevo-sistema-de-cobertura-fija-c15-y-c30-de-seeburg\/\"},\"wordCount\":397,\"commentCount\":0,\"publisher\":{\"@id\":\"https:\/\/www.aplicacionsaudiovisuals.com\/es\/#organization\"},\"image\":{\"@id\":\"https:\/\/www.aplicacionsaudiovisuals.com\/es\/nuevo-sistema-de-cobertura-fija-c15-y-c30-de-seeburg\/#primaryimage\"},\"thumbnailUrl\":\"https:\/\/www.aplicacionsaudiovisuals.com\/wp-content\/uploads\/2025\/03\/Nou-sistema-de-cobertura-fixa-C15-i-C30.jpg\",\"keywords\":[\"Seeburg\"],\"articleSection\":[\"Novedades\",\"Productos\"],\"inLanguage\":\"es\",\"potentialAction\":[{\"@type\":\"CommentAction\",\"name\":\"Comment\",\"target\":[\"https:\/\/www.aplicacionsaudiovisuals.com\/es\/nuevo-sistema-de-cobertura-fija-c15-y-c30-de-seeburg\/#respond\"]}]},{\"@type\":\"WebPage\",\"@id\":\"https:\/\/www.aplicacionsaudiovisuals.com\/es\/nuevo-sistema-de-cobertura-fija-c15-y-c30-de-seeburg\/\",\"url\":\"https:\/\/www.aplicacionsaudiovisuals.com\/es\/nuevo-sistema-de-cobertura-fija-c15-y-c30-de-seeburg\/\",\"name\":\"Nuevo sistema de cobertura fija C15 y C30 de Seeburg - Aplicacions Audiovisuals\",\"isPartOf\":{\"@id\":\"https:\/\/www.aplicacionsaudiovisuals.com\/es\/#website\"},\"primaryImageOfPage\":{\"@id\":\"https:\/\/www.aplicacionsaudiovisuals.com\/es\/nuevo-sistema-de-cobertura-fija-c15-y-c30-de-seeburg\/#primaryimage\"},\"image\":{\"@id\":\"https:\/\/www.aplicacionsaudiovisuals.com\/es\/nuevo-sistema-de-cobertura-fija-c15-y-c30-de-seeburg\/#primaryimage\"},\"thumbnailUrl\":\"https:\/\/www.aplicacionsaudiovisuals.com\/wp-content\/uploads\/2025\/03\/Nou-sistema-de-cobertura-fixa-C15-i-C30.jpg\",\"datePublished\":\"2023-11-04T12:19:00+00:00\",\"dateModified\":\"2025-04-23T09:06:21+00:00\",\"description\":\"Seeburg Acoustic Line nos presenta el nuevo sistema Linearray de constante cobertura, los modelos C15 y C30.\",\"breadcrumb\":{\"@id\":\"https:\/\/www.aplicacionsaudiovisuals.com\/es\/nuevo-sistema-de-cobertura-fija-c15-y-c30-de-seeburg\/#breadcrumb\"},\"inLanguage\":\"es\",\"potentialAction\":[{\"@type\":\"ReadAction\",\"target\":[\"https:\/\/www.aplicacionsaudiovisuals.com\/es\/nuevo-sistema-de-cobertura-fija-c15-y-c30-de-seeburg\/\"]}]},{\"@type\":\"ImageObject\",\"inLanguage\":\"es\",\"@id\":\"https:\/\/www.aplicacionsaudiovisuals.com\/es\/nuevo-sistema-de-cobertura-fija-c15-y-c30-de-seeburg\/#primaryimage\",\"url\":\"https:\/\/www.aplicacionsaudiovisuals.com\/wp-content\/uploads\/2025\/03\/Nou-sistema-de-cobertura-fixa-C15-i-C30.jpg\",\"contentUrl\":\"https:\/\/www.aplicacionsaudiovisuals.com\/wp-content\/uploads\/2025\/03\/Nou-sistema-de-cobertura-fixa-C15-i-C30.jpg\",\"width\":1300,\"height\":867,\"caption\":\"Nou sistema de cobertura fixa C15 i C30\"},{\"@type\":\"BreadcrumbList\",\"@id\":\"https:\/\/www.aplicacionsaudiovisuals.com\/es\/nuevo-sistema-de-cobertura-fija-c15-y-c30-de-seeburg\/#breadcrumb\",\"itemListElement\":[{\"@type\":\"ListItem\",\"position\":1,\"name\":\"Inici\",\"item\":\"https:\/\/www.aplicacionsaudiovisuals.com\/es\/\"},{\"@type\":\"ListItem\",\"position\":2,\"name\":\"Nuevo sistema de cobertura fija C15 y C30 de Seeburg\"}]},{\"@type\":\"WebSite\",\"@id\":\"https:\/\/www.aplicacionsaudiovisuals.com\/es\/#website\",\"url\":\"https:\/\/www.aplicacionsaudiovisuals.com\/es\/\",\"name\":\"Aplicacions Audiovisuals\",\"description\":\"Projectes de condicionament ac\u00fastic\",\"publisher\":{\"@id\":\"https:\/\/www.aplicacionsaudiovisuals.com\/es\/#organization\"},\"alternateName\":\"Aplicacions Audiovisuals\",\"potentialAction\":[{\"@type\":\"SearchAction\",\"target\":{\"@type\":\"EntryPoint\",\"urlTemplate\":\"https:\/\/www.aplicacionsaudiovisuals.com\/es\/?s={search_term_string}\"},\"query-input\":{\"@type\":\"PropertyValueSpecification\",\"valueRequired\":true,\"valueName\":\"search_term_string\"}}],\"inLanguage\":\"es\"},{\"@type\":\"Organization\",\"@id\":\"https:\/\/www.aplicacionsaudiovisuals.com\/es\/#organization\",\"name\":\"Aplicacions Audiovisuals\",\"url\":\"https:\/\/www.aplicacionsaudiovisuals.com\/es\/\",\"logo\":{\"@type\":\"ImageObject\",\"inLanguage\":\"es\",\"@id\":\"https:\/\/www.aplicacionsaudiovisuals.com\/es\/#\/schema\/logo\/image\/\",\"url\":\"https:\/\/www.aplicacionsaudiovisuals.com\/wp-content\/uploads\/2025\/03\/aplicacions-audiovisuals-logo-negre.png\",\"contentUrl\":\"https:\/\/www.aplicacionsaudiovisuals.com\/wp-content\/uploads\/2025\/03\/aplicacions-audiovisuals-logo-negre.png\",\"width\":500,\"height\":195,\"caption\":\"Aplicacions Audiovisuals\"},\"image\":{\"@id\":\"https:\/\/www.aplicacionsaudiovisuals.com\/es\/#\/schema\/logo\/image\/\"},\"sameAs\":[\"https:\/\/www.facebook.com\/aplicacionsaudiovisuals\"]},{\"@type\":\"Person\",\"@id\":\"https:\/\/www.aplicacionsaudiovisuals.com\/es\/#\/schema\/person\/ce9fea12da16ed781032a1c66b9fd6ea\",\"name\":\"digital@marlonbranding.net\",\"image\":{\"@type\":\"ImageObject\",\"inLanguage\":\"es\",\"@id\":\"https:\/\/www.aplicacionsaudiovisuals.com\/es\/#\/schema\/person\/image\/\",\"url\":\"https:\/\/secure.gravatar.com\/avatar\/4ec10c50b8f12b9e82862c14ace47e70739a9e377b28c1a487f71b26e36e20e2?s=96&d=mm&r=g\",\"contentUrl\":\"https:\/\/secure.gravatar.com\/avatar\/4ec10c50b8f12b9e82862c14ace47e70739a9e377b28c1a487f71b26e36e20e2?s=96&d=mm&r=g\",\"caption\":\"digital@marlonbranding.net\"},\"sameAs\":[\"https:\/\/www.aplicacionsaudiovisuals.com\"],\"url\":\"https:\/\/www.aplicacionsaudiovisuals.com\/es\/author\/digitalmarlonbranding-net\/\"}]}<\/script>\n<!-- \/ Yoast SEO plugin. -->","yoast_head_json":{"title":"Nuevo sistema de cobertura fija C15 y C30 de Seeburg - Aplicacions Audiovisuals","description":"Seeburg Acoustic Line nos presenta el nuevo sistema Linearray de constante cobertura, los modelos C15 y C30.","robots":{"index":"index","follow":"follow","max-snippet":"max-snippet:-1","max-image-preview":"max-image-preview:large","max-video-preview":"max-video-preview:-1"},"canonical":"https:\/\/www.aplicacionsaudiovisuals.com\/es\/nuevo-sistema-de-cobertura-fija-c15-y-c30-de-seeburg\/","og_locale":"es_ES","og_type":"article","og_title":"Nuevo sistema de cobertura fija C15 y C30 de Seeburg - Aplicacions Audiovisuals","og_description":"Seeburg Acoustic Line nos presenta el nuevo sistema Linearray de constante cobertura, los modelos C15 y C30.","og_url":"https:\/\/www.aplicacionsaudiovisuals.com\/es\/nuevo-sistema-de-cobertura-fija-c15-y-c30-de-seeburg\/","og_site_name":"Aplicacions Audiovisuals","article_publisher":"https:\/\/www.facebook.com\/aplicacionsaudiovisuals","article_published_time":"2023-11-04T12:19:00+00:00","article_modified_time":"2025-04-23T09:06:21+00:00","og_image":[{"width":1300,"height":867,"url":"https:\/\/www.aplicacionsaudiovisuals.com\/wp-content\/uploads\/2025\/03\/Nou-sistema-de-cobertura-fixa-C15-i-C30.jpg","type":"image\/jpeg"}],"author":"digital@marlonbranding.net","twitter_card":"summary_large_image","twitter_misc":{"Escrito por":"digital@marlonbranding.net","Tiempo de lectura":"2 minutos"},"schema":{"@context":"https:\/\/schema.org","@graph":[{"@type":"Article","@id":"https:\/\/www.aplicacionsaudiovisuals.com\/es\/nuevo-sistema-de-cobertura-fija-c15-y-c30-de-seeburg\/#article","isPartOf":{"@id":"https:\/\/www.aplicacionsaudiovisuals.com\/es\/nuevo-sistema-de-cobertura-fija-c15-y-c30-de-seeburg\/"},"author":{"name":"digital@marlonbranding.net","@id":"https:\/\/www.aplicacionsaudiovisuals.com\/es\/#\/schema\/person\/ce9fea12da16ed781032a1c66b9fd6ea"},"headline":"Nuevo sistema de cobertura fija C15 y C30 de Seeburg","datePublished":"2023-11-04T12:19:00+00:00","dateModified":"2025-04-23T09:06:21+00:00","mainEntityOfPage":{"@id":"https:\/\/www.aplicacionsaudiovisuals.com\/es\/nuevo-sistema-de-cobertura-fija-c15-y-c30-de-seeburg\/"},"wordCount":397,"commentCount":0,"publisher":{"@id":"https:\/\/www.aplicacionsaudiovisuals.com\/es\/#organization"},"image":{"@id":"https:\/\/www.aplicacionsaudiovisuals.com\/es\/nuevo-sistema-de-cobertura-fija-c15-y-c30-de-seeburg\/#primaryimage"},"thumbnailUrl":"https:\/\/www.aplicacionsaudiovisuals.com\/wp-content\/uploads\/2025\/03\/Nou-sistema-de-cobertura-fixa-C15-i-C30.jpg","keywords":["Seeburg"],"articleSection":["Novedades","Productos"],"inLanguage":"es","potentialAction":[{"@type":"CommentAction","name":"Comment","target":["https:\/\/www.aplicacionsaudiovisuals.com\/es\/nuevo-sistema-de-cobertura-fija-c15-y-c30-de-seeburg\/#respond"]}]},{"@type":"WebPage","@id":"https:\/\/www.aplicacionsaudiovisuals.com\/es\/nuevo-sistema-de-cobertura-fija-c15-y-c30-de-seeburg\/","url":"https:\/\/www.aplicacionsaudiovisuals.com\/es\/nuevo-sistema-de-cobertura-fija-c15-y-c30-de-seeburg\/","name":"Nuevo sistema de cobertura fija C15 y C30 de Seeburg - Aplicacions Audiovisuals","isPartOf":{"@id":"https:\/\/www.aplicacionsaudiovisuals.com\/es\/#website"},"primaryImageOfPage":{"@id":"https:\/\/www.aplicacionsaudiovisuals.com\/es\/nuevo-sistema-de-cobertura-fija-c15-y-c30-de-seeburg\/#primaryimage"},"image":{"@id":"https:\/\/www.aplicacionsaudiovisuals.com\/es\/nuevo-sistema-de-cobertura-fija-c15-y-c30-de-seeburg\/#primaryimage"},"thumbnailUrl":"https:\/\/www.aplicacionsaudiovisuals.com\/wp-content\/uploads\/2025\/03\/Nou-sistema-de-cobertura-fixa-C15-i-C30.jpg","datePublished":"2023-11-04T12:19:00+00:00","dateModified":"2025-04-23T09:06:21+00:00","description":"Seeburg Acoustic Line nos presenta el nuevo sistema Linearray de constante cobertura, los modelos C15 y C30.","breadcrumb":{"@id":"https:\/\/www.aplicacionsaudiovisuals.com\/es\/nuevo-sistema-de-cobertura-fija-c15-y-c30-de-seeburg\/#breadcrumb"},"inLanguage":"es","potentialAction":[{"@type":"ReadAction","target":["https:\/\/www.aplicacionsaudiovisuals.com\/es\/nuevo-sistema-de-cobertura-fija-c15-y-c30-de-seeburg\/"]}]},{"@type":"ImageObject","inLanguage":"es","@id":"https:\/\/www.aplicacionsaudiovisuals.com\/es\/nuevo-sistema-de-cobertura-fija-c15-y-c30-de-seeburg\/#primaryimage","url":"https:\/\/www.aplicacionsaudiovisuals.com\/wp-content\/uploads\/2025\/03\/Nou-sistema-de-cobertura-fixa-C15-i-C30.jpg","contentUrl":"https:\/\/www.aplicacionsaudiovisuals.com\/wp-content\/uploads\/2025\/03\/Nou-sistema-de-cobertura-fixa-C15-i-C30.jpg","width":1300,"height":867,"caption":"Nou sistema de cobertura fixa C15 i C30"},{"@type":"BreadcrumbList","@id":"https:\/\/www.aplicacionsaudiovisuals.com\/es\/nuevo-sistema-de-cobertura-fija-c15-y-c30-de-seeburg\/#breadcrumb","itemListElement":[{"@type":"ListItem","position":1,"name":"Inici","item":"https:\/\/www.aplicacionsaudiovisuals.com\/es\/"},{"@type":"ListItem","position":2,"name":"Nuevo sistema de cobertura fija C15 y C30 de Seeburg"}]},{"@type":"WebSite","@id":"https:\/\/www.aplicacionsaudiovisuals.com\/es\/#website","url":"https:\/\/www.aplicacionsaudiovisuals.com\/es\/","name":"Aplicacions Audiovisuals","description":"Projectes de condicionament ac\u00fastic","publisher":{"@id":"https:\/\/www.aplicacionsaudiovisuals.com\/es\/#organization"},"alternateName":"Aplicacions Audiovisuals","potentialAction":[{"@type":"SearchAction","target":{"@type":"EntryPoint","urlTemplate":"https:\/\/www.aplicacionsaudiovisuals.com\/es\/?s={search_term_string}"},"query-input":{"@type":"PropertyValueSpecification","valueRequired":true,"valueName":"search_term_string"}}],"inLanguage":"es"},{"@type":"Organization","@id":"https:\/\/www.aplicacionsaudiovisuals.com\/es\/#organization","name":"Aplicacions Audiovisuals","url":"https:\/\/www.aplicacionsaudiovisuals.com\/es\/","logo":{"@type":"ImageObject","inLanguage":"es","@id":"https:\/\/www.aplicacionsaudiovisuals.com\/es\/#\/schema\/logo\/image\/","url":"https:\/\/www.aplicacionsaudiovisuals.com\/wp-content\/uploads\/2025\/03\/aplicacions-audiovisuals-logo-negre.png","contentUrl":"https:\/\/www.aplicacionsaudiovisuals.com\/wp-content\/uploads\/2025\/03\/aplicacions-audiovisuals-logo-negre.png","width":500,"height":195,"caption":"Aplicacions Audiovisuals"},"image":{"@id":"https:\/\/www.aplicacionsaudiovisuals.com\/es\/#\/schema\/logo\/image\/"},"sameAs":["https:\/\/www.facebook.com\/aplicacionsaudiovisuals"]},{"@type":"Person","@id":"https:\/\/www.aplicacionsaudiovisuals.com\/es\/#\/schema\/person\/ce9fea12da16ed781032a1c66b9fd6ea","name":"digital@marlonbranding.net","image":{"@type":"ImageObject","inLanguage":"es","@id":"https:\/\/www.aplicacionsaudiovisuals.com\/es\/#\/schema\/person\/image\/","url":"https:\/\/secure.gravatar.com\/avatar\/4ec10c50b8f12b9e82862c14ace47e70739a9e377b28c1a487f71b26e36e20e2?s=96&d=mm&r=g","contentUrl":"https:\/\/secure.gravatar.com\/avatar\/4ec10c50b8f12b9e82862c14ace47e70739a9e377b28c1a487f71b26e36e20e2?s=96&d=mm&r=g","caption":"digital@marlonbranding.net"},"sameAs":["https:\/\/www.aplicacionsaudiovisuals.com"],"url":"https:\/\/www.aplicacionsaudiovisuals.com\/es\/author\/digitalmarlonbranding-net\/"}]}},"_links":{"self":[{"href":"https:\/\/www.aplicacionsaudiovisuals.com\/es\/wp-json\/wp\/v2\/posts\/12015","targetHints":{"allow":["GET"]}}],"collection":[{"href":"https:\/\/www.aplicacionsaudiovisuals.com\/es\/wp-json\/wp\/v2\/posts"}],"about":[{"href":"https:\/\/www.aplicacionsaudiovisuals.com\/es\/wp-json\/wp\/v2\/types\/post"}],"author":[{"embeddable":true,"href":"https:\/\/www.aplicacionsaudiovisuals.com\/es\/wp-json\/wp\/v2\/users\/1"}],"replies":[{"embeddable":true,"href":"https:\/\/www.aplicacionsaudiovisuals.com\/es\/wp-json\/wp\/v2\/comments?post=12015"}],"version-history":[{"count":1,"href":"https:\/\/www.aplicacionsaudiovisuals.com\/es\/wp-json\/wp\/v2\/posts\/12015\/revisions"}],"predecessor-version":[{"id":12016,"href":"https:\/\/www.aplicacionsaudiovisuals.com\/es\/wp-json\/wp\/v2\/posts\/12015\/revisions\/12016"}],"wp:featuredmedia":[{"embeddable":true,"href":"https:\/\/www.aplicacionsaudiovisuals.com\/es\/wp-json\/wp\/v2\/media\/11867"}],"wp:attachment":[{"href":"https:\/\/www.aplicacionsaudiovisuals.com\/es\/wp-json\/wp\/v2\/media?parent=12015"}],"wp:term":[{"taxonomy":"category","embeddable":true,"href":"https:\/\/www.aplicacionsaudiovisuals.com\/es\/wp-json\/wp\/v2\/categories?post=12015"},{"taxonomy":"post_tag","embeddable":true,"href":"https:\/\/www.aplicacionsaudiovisuals.com\/es\/wp-json\/wp\/v2\/tags?post=12015"}],"curies":[{"name":"wp","href":"https:\/\/api.w.org\/{rel}","templated":true}]}}