{"id":11993,"date":"2018-02-22T16:42:00","date_gmt":"2018-02-22T15:42:00","guid":{"rendered":"https:\/\/www.aplicacionsaudiovisuals.com\/el-centro-wellness-parc-del-migdia-renueva-su-sistema-electroacustico\/"},"modified":"2025-04-23T10:49:43","modified_gmt":"2025-04-23T08:49:43","slug":"el-centro-wellness-parc-del-migdia-renueva-su-sistema-electroacustico","status":"publish","type":"post","link":"https:\/\/www.aplicacionsaudiovisuals.com\/es\/el-centro-wellness-parc-del-migdia-renueva-su-sistema-electroacustico\/","title":{"rendered":"El Centro Wellness Parc del Migdia renueva su sistema electroac\u00fastico"},"content":{"rendered":"<p>El Centro Wellness del Parque del Mediod\u00eda ha llevado a cabo una renovaci\u00f3n integral de su sistema electroac\u00fastico, mejorando significativamente la experiencia sonora para sus usuarios. Esta actualizaci\u00f3n, realizada por Aplicacions Audiovisuals, ha incorporado tecnolog\u00eda de vanguardia para garantizar una excepcional calidad de sonido en todas las instalaciones del centro. <\/p><p>El CENTRO WELLNESS ha renovado su sistema electroac\u00fastico e instalaci\u00f3n audiovisual. Por eso, ha utilizado con \u00e9xito, la serie Atelier de la marca Seeburg Acoustic Line. <\/p><h2 class=\"wp-block-heading\">La serie Atelier<\/h2><p>Los diferentes modelos de la serie Atelier van de los 200w a los 500w a 8 ohms y con un rango de presiones entre los 121dbspl y 132dbspl. accesorios de montaje permiten la instalaci\u00f3n en pared, techo, tr\u00edpode o volado con cable.   <\/p><p><a href=\"https:\/\/www.aplicacionsaudiovisuals.com\/es\/altaveus-seeburg\/atelier-series-es\/\">Haga clic aqu\u00ed<\/a> para m\u00e1s informaci\u00f3n sobre la serie Atelier.<\/p><div style=\"height:32px\" aria-hidden=\"true\" class=\"wp-block-spacer\"><\/div><figure class=\"wp-block-gallery has-nested-images columns-default is-cropped wp-block-gallery-1 is-layout-flex wp-block-gallery-is-layout-flex\"><figure class=\"wp-block-image size-large\"><img fetchpriority=\"high\" decoding=\"async\" width=\"853\" height=\"1024\" data-id=\"9690\" src=\"https:\/\/www.aplicacionsaudiovisuals.com\/wp-content\/uploads\/2025\/03\/A-1-Multi-Media-Sound-System-colors-853x1024.jpg\" alt=\"\" class=\"wp-image-9690\" srcset=\"https:\/\/www.aplicacionsaudiovisuals.com\/wp-content\/uploads\/2025\/03\/A-1-Multi-Media-Sound-System-colors-853x1024.jpg 853w, https:\/\/www.aplicacionsaudiovisuals.com\/wp-content\/uploads\/2025\/03\/A-1-Multi-Media-Sound-System-colors-250x300.jpg 250w, https:\/\/www.aplicacionsaudiovisuals.com\/wp-content\/uploads\/2025\/03\/A-1-Multi-Media-Sound-System-colors-768x922.jpg 768w, https:\/\/www.aplicacionsaudiovisuals.com\/wp-content\/uploads\/2025\/03\/A-1-Multi-Media-Sound-System-colors-300x360.jpg 300w, https:\/\/www.aplicacionsaudiovisuals.com\/wp-content\/uploads\/2025\/03\/A-1-Multi-Media-Sound-System-colors-600x720.jpg 600w, https:\/\/www.aplicacionsaudiovisuals.com\/wp-content\/uploads\/2025\/03\/A-1-Multi-Media-Sound-System-colors.jpg 1000w\" sizes=\"(max-width: 853px) 100vw, 853px\" \/><\/figure>\n\n<figure class=\"wp-block-image size-large\"><img decoding=\"async\" width=\"853\" height=\"1024\" data-id=\"9713\" src=\"https:\/\/www.aplicacionsaudiovisuals.com\/wp-content\/uploads\/2025\/03\/A-2-Multi-Media-Sound-System-colors-853x1024.jpg\" alt=\"\" class=\"wp-image-9713\" srcset=\"https:\/\/www.aplicacionsaudiovisuals.com\/wp-content\/uploads\/2025\/03\/A-2-Multi-Media-Sound-System-colors-853x1024.jpg 853w, https:\/\/www.aplicacionsaudiovisuals.com\/wp-content\/uploads\/2025\/03\/A-2-Multi-Media-Sound-System-colors-250x300.jpg 250w, https:\/\/www.aplicacionsaudiovisuals.com\/wp-content\/uploads\/2025\/03\/A-2-Multi-Media-Sound-System-colors-768x922.jpg 768w, https:\/\/www.aplicacionsaudiovisuals.com\/wp-content\/uploads\/2025\/03\/A-2-Multi-Media-Sound-System-colors-300x360.jpg 300w, https:\/\/www.aplicacionsaudiovisuals.com\/wp-content\/uploads\/2025\/03\/A-2-Multi-Media-Sound-System-colors-600x720.jpg 600w, https:\/\/www.aplicacionsaudiovisuals.com\/wp-content\/uploads\/2025\/03\/A-2-Multi-Media-Sound-System-colors.jpg 1000w\" sizes=\"(max-width: 853px) 100vw, 853px\" \/><\/figure>\n\n<figure class=\"wp-block-image size-large\"><img decoding=\"async\" width=\"853\" height=\"1024\" data-id=\"9732\" src=\"https:\/\/www.aplicacionsaudiovisuals.com\/wp-content\/uploads\/2025\/03\/A-3-Multi-Media-Sound-System-colors-853x1024.jpg\" alt=\"\" class=\"wp-image-9732\" srcset=\"https:\/\/www.aplicacionsaudiovisuals.com\/wp-content\/uploads\/2025\/03\/A-3-Multi-Media-Sound-System-colors-853x1024.jpg 853w, https:\/\/www.aplicacionsaudiovisuals.com\/wp-content\/uploads\/2025\/03\/A-3-Multi-Media-Sound-System-colors-250x300.jpg 250w, https:\/\/www.aplicacionsaudiovisuals.com\/wp-content\/uploads\/2025\/03\/A-3-Multi-Media-Sound-System-colors-768x922.jpg 768w, https:\/\/www.aplicacionsaudiovisuals.com\/wp-content\/uploads\/2025\/03\/A-3-Multi-Media-Sound-System-colors-300x360.jpg 300w, https:\/\/www.aplicacionsaudiovisuals.com\/wp-content\/uploads\/2025\/03\/A-3-Multi-Media-Sound-System-colors-600x720.jpg 600w, https:\/\/www.aplicacionsaudiovisuals.com\/wp-content\/uploads\/2025\/03\/A-3-Multi-Media-Sound-System-colors.jpg 1000w\" sizes=\"(max-width: 853px) 100vw, 853px\" \/><\/figure><\/figure>","protected":false},"excerpt":{"rendered":"<p>El Centro Wellness del Parque del Mediod\u00eda ha llevado a cabo una renovaci\u00f3n integral de su sistema electroac\u00fastico, mejorando significativamente la experiencia sonora para sus usuarios.<\/p>\n","protected":false},"author":1,"featured_media":11875,"comment_status":"open","ping_status":"open","sticky":false,"template":"","format":"standard","meta":{"footnotes":""},"categories":[131,134],"tags":[],"class_list":["post-11993","post","type-post","status-publish","format-standard","has-post-thumbnail","hentry","category-instalaciones","category-proyectos"],"yoast_head":"<!-- This site is optimized with the Yoast SEO plugin v24.9 - https:\/\/yoast.com\/wordpress\/plugins\/seo\/ -->\n<title>El Centro Wellness Parc del Migdia renueva su sistema electroac\u00fastico - Aplicacions Audiovisuals<\/title>\n<meta name=\"description\" content=\"El Centro Wellness del Parque del Mediod\u00eda ha llevado a cabo una renovaci\u00f3n integral de su sistema electroac\u00fastico, mejorando significativamente la experiencia sonora para sus usuarios.\" \/>\n<meta name=\"robots\" content=\"index, follow, max-snippet:-1, max-image-preview:large, max-video-preview:-1\" \/>\n<link rel=\"canonical\" href=\"https:\/\/www.aplicacionsaudiovisuals.com\/es\/el-centro-wellness-parc-del-migdia-renueva-su-sistema-electroacustico\/\" \/>\n<meta property=\"og:locale\" content=\"es_ES\" \/>\n<meta property=\"og:type\" content=\"article\" \/>\n<meta property=\"og:title\" content=\"El Centro Wellness Parc del Migdia renueva su sistema electroac\u00fastico - Aplicacions Audiovisuals\" \/>\n<meta property=\"og:description\" content=\"El Centro Wellness del Parque del Mediod\u00eda ha llevado a cabo una renovaci\u00f3n integral de su sistema electroac\u00fastico, mejorando significativamente la experiencia sonora para sus usuarios.\" \/>\n<meta property=\"og:url\" content=\"https:\/\/www.aplicacionsaudiovisuals.com\/es\/el-centro-wellness-parc-del-migdia-renueva-su-sistema-electroacustico\/\" \/>\n<meta property=\"og:site_name\" content=\"Aplicacions Audiovisuals\" \/>\n<meta property=\"article:publisher\" content=\"https:\/\/www.facebook.com\/aplicacionsaudiovisuals\" \/>\n<meta property=\"article:published_time\" content=\"2018-02-22T15:42:00+00:00\" \/>\n<meta property=\"article:modified_time\" content=\"2025-04-23T08:49:43+00:00\" \/>\n<meta property=\"og:image\" content=\"https:\/\/www.aplicacionsaudiovisuals.com\/wp-content\/uploads\/2025\/03\/Centre-Wellness-Parc-del-Migdia-renova-el-seu-sistema-electroacustic.jpg\" \/>\n\t<meta property=\"og:image:width\" content=\"1300\" \/>\n\t<meta property=\"og:image:height\" content=\"867\" \/>\n\t<meta property=\"og:image:type\" content=\"image\/jpeg\" \/>\n<meta name=\"author\" content=\"digital@marlonbranding.net\" \/>\n<meta name=\"twitter:card\" content=\"summary_large_image\" \/>\n<meta name=\"twitter:label1\" content=\"Escrito por\" \/>\n\t<meta name=\"twitter:data1\" content=\"digital@marlonbranding.net\" \/>\n\t<meta name=\"twitter:label2\" content=\"Tiempo de lectura\" \/>\n\t<meta name=\"twitter:data2\" content=\"1 minuto\" \/>\n<script type=\"application\/ld+json\" class=\"yoast-schema-graph\">{\"@context\":\"https:\/\/schema.org\",\"@graph\":[{\"@type\":\"Article\",\"@id\":\"https:\/\/www.aplicacionsaudiovisuals.com\/es\/el-centro-wellness-parc-del-migdia-renueva-su-sistema-electroacustico\/#article\",\"isPartOf\":{\"@id\":\"https:\/\/www.aplicacionsaudiovisuals.com\/es\/el-centro-wellness-parc-del-migdia-renueva-su-sistema-electroacustico\/\"},\"author\":{\"name\":\"digital@marlonbranding.net\",\"@id\":\"https:\/\/www.aplicacionsaudiovisuals.com\/es\/#\/schema\/person\/ce9fea12da16ed781032a1c66b9fd6ea\"},\"headline\":\"El Centro Wellness Parc del Migdia renueva su sistema electroac\u00fastico\",\"datePublished\":\"2018-02-22T15:42:00+00:00\",\"dateModified\":\"2025-04-23T08:49:43+00:00\",\"mainEntityOfPage\":{\"@id\":\"https:\/\/www.aplicacionsaudiovisuals.com\/es\/el-centro-wellness-parc-del-migdia-renueva-su-sistema-electroacustico\/\"},\"wordCount\":152,\"commentCount\":0,\"publisher\":{\"@id\":\"https:\/\/www.aplicacionsaudiovisuals.com\/es\/#organization\"},\"image\":{\"@id\":\"https:\/\/www.aplicacionsaudiovisuals.com\/es\/el-centro-wellness-parc-del-migdia-renueva-su-sistema-electroacustico\/#primaryimage\"},\"thumbnailUrl\":\"https:\/\/www.aplicacionsaudiovisuals.com\/wp-content\/uploads\/2025\/03\/Centre-Wellness-Parc-del-Migdia-renova-el-seu-sistema-electroacustic.jpg\",\"articleSection\":[\"Instalaciones\",\"Proyectos\"],\"inLanguage\":\"es\",\"potentialAction\":[{\"@type\":\"CommentAction\",\"name\":\"Comment\",\"target\":[\"https:\/\/www.aplicacionsaudiovisuals.com\/es\/el-centro-wellness-parc-del-migdia-renueva-su-sistema-electroacustico\/#respond\"]}]},{\"@type\":\"WebPage\",\"@id\":\"https:\/\/www.aplicacionsaudiovisuals.com\/es\/el-centro-wellness-parc-del-migdia-renueva-su-sistema-electroacustico\/\",\"url\":\"https:\/\/www.aplicacionsaudiovisuals.com\/es\/el-centro-wellness-parc-del-migdia-renueva-su-sistema-electroacustico\/\",\"name\":\"El Centro Wellness Parc del Migdia renueva su sistema electroac\u00fastico - Aplicacions Audiovisuals\",\"isPartOf\":{\"@id\":\"https:\/\/www.aplicacionsaudiovisuals.com\/es\/#website\"},\"primaryImageOfPage\":{\"@id\":\"https:\/\/www.aplicacionsaudiovisuals.com\/es\/el-centro-wellness-parc-del-migdia-renueva-su-sistema-electroacustico\/#primaryimage\"},\"image\":{\"@id\":\"https:\/\/www.aplicacionsaudiovisuals.com\/es\/el-centro-wellness-parc-del-migdia-renueva-su-sistema-electroacustico\/#primaryimage\"},\"thumbnailUrl\":\"https:\/\/www.aplicacionsaudiovisuals.com\/wp-content\/uploads\/2025\/03\/Centre-Wellness-Parc-del-Migdia-renova-el-seu-sistema-electroacustic.jpg\",\"datePublished\":\"2018-02-22T15:42:00+00:00\",\"dateModified\":\"2025-04-23T08:49:43+00:00\",\"description\":\"El Centro Wellness del Parque del Mediod\u00eda ha llevado a cabo una renovaci\u00f3n integral de su sistema electroac\u00fastico, mejorando significativamente la experiencia sonora para sus usuarios.\",\"breadcrumb\":{\"@id\":\"https:\/\/www.aplicacionsaudiovisuals.com\/es\/el-centro-wellness-parc-del-migdia-renueva-su-sistema-electroacustico\/#breadcrumb\"},\"inLanguage\":\"es\",\"potentialAction\":[{\"@type\":\"ReadAction\",\"target\":[\"https:\/\/www.aplicacionsaudiovisuals.com\/es\/el-centro-wellness-parc-del-migdia-renueva-su-sistema-electroacustico\/\"]}]},{\"@type\":\"ImageObject\",\"inLanguage\":\"es\",\"@id\":\"https:\/\/www.aplicacionsaudiovisuals.com\/es\/el-centro-wellness-parc-del-migdia-renueva-su-sistema-electroacustico\/#primaryimage\",\"url\":\"https:\/\/www.aplicacionsaudiovisuals.com\/wp-content\/uploads\/2025\/03\/Centre-Wellness-Parc-del-Migdia-renova-el-seu-sistema-electroacustic.jpg\",\"contentUrl\":\"https:\/\/www.aplicacionsaudiovisuals.com\/wp-content\/uploads\/2025\/03\/Centre-Wellness-Parc-del-Migdia-renova-el-seu-sistema-electroacustic.jpg\",\"width\":1300,\"height\":867,\"caption\":\"El Centre Wellness Parc del Migdia renova el seu sistema electroac\u00fastic\"},{\"@type\":\"BreadcrumbList\",\"@id\":\"https:\/\/www.aplicacionsaudiovisuals.com\/es\/el-centro-wellness-parc-del-migdia-renueva-su-sistema-electroacustico\/#breadcrumb\",\"itemListElement\":[{\"@type\":\"ListItem\",\"position\":1,\"name\":\"Inici\",\"item\":\"https:\/\/www.aplicacionsaudiovisuals.com\/es\/\"},{\"@type\":\"ListItem\",\"position\":2,\"name\":\"El Centro Wellness Parc del Migdia renueva su sistema electroac\u00fastico\"}]},{\"@type\":\"WebSite\",\"@id\":\"https:\/\/www.aplicacionsaudiovisuals.com\/es\/#website\",\"url\":\"https:\/\/www.aplicacionsaudiovisuals.com\/es\/\",\"name\":\"Aplicacions Audiovisuals\",\"description\":\"Projectes de condicionament ac\u00fastic\",\"publisher\":{\"@id\":\"https:\/\/www.aplicacionsaudiovisuals.com\/es\/#organization\"},\"alternateName\":\"Aplicacions Audiovisuals\",\"potentialAction\":[{\"@type\":\"SearchAction\",\"target\":{\"@type\":\"EntryPoint\",\"urlTemplate\":\"https:\/\/www.aplicacionsaudiovisuals.com\/es\/?s={search_term_string}\"},\"query-input\":{\"@type\":\"PropertyValueSpecification\",\"valueRequired\":true,\"valueName\":\"search_term_string\"}}],\"inLanguage\":\"es\"},{\"@type\":\"Organization\",\"@id\":\"https:\/\/www.aplicacionsaudiovisuals.com\/es\/#organization\",\"name\":\"Aplicacions Audiovisuals\",\"url\":\"https:\/\/www.aplicacionsaudiovisuals.com\/es\/\",\"logo\":{\"@type\":\"ImageObject\",\"inLanguage\":\"es\",\"@id\":\"https:\/\/www.aplicacionsaudiovisuals.com\/es\/#\/schema\/logo\/image\/\",\"url\":\"https:\/\/www.aplicacionsaudiovisuals.com\/wp-content\/uploads\/2025\/03\/aplicacions-audiovisuals-logo-negre.png\",\"contentUrl\":\"https:\/\/www.aplicacionsaudiovisuals.com\/wp-content\/uploads\/2025\/03\/aplicacions-audiovisuals-logo-negre.png\",\"width\":500,\"height\":195,\"caption\":\"Aplicacions Audiovisuals\"},\"image\":{\"@id\":\"https:\/\/www.aplicacionsaudiovisuals.com\/es\/#\/schema\/logo\/image\/\"},\"sameAs\":[\"https:\/\/www.facebook.com\/aplicacionsaudiovisuals\"]},{\"@type\":\"Person\",\"@id\":\"https:\/\/www.aplicacionsaudiovisuals.com\/es\/#\/schema\/person\/ce9fea12da16ed781032a1c66b9fd6ea\",\"name\":\"digital@marlonbranding.net\",\"image\":{\"@type\":\"ImageObject\",\"inLanguage\":\"es\",\"@id\":\"https:\/\/www.aplicacionsaudiovisuals.com\/es\/#\/schema\/person\/image\/\",\"url\":\"https:\/\/secure.gravatar.com\/avatar\/4ec10c50b8f12b9e82862c14ace47e70739a9e377b28c1a487f71b26e36e20e2?s=96&d=mm&r=g\",\"contentUrl\":\"https:\/\/secure.gravatar.com\/avatar\/4ec10c50b8f12b9e82862c14ace47e70739a9e377b28c1a487f71b26e36e20e2?s=96&d=mm&r=g\",\"caption\":\"digital@marlonbranding.net\"},\"sameAs\":[\"https:\/\/www.aplicacionsaudiovisuals.com\"],\"url\":\"https:\/\/www.aplicacionsaudiovisuals.com\/es\/author\/digitalmarlonbranding-net\/\"}]}<\/script>\n<!-- \/ Yoast SEO plugin. -->","yoast_head_json":{"title":"El Centro Wellness Parc del Migdia renueva su sistema electroac\u00fastico - Aplicacions Audiovisuals","description":"El Centro Wellness del Parque del Mediod\u00eda ha llevado a cabo una renovaci\u00f3n integral de su sistema electroac\u00fastico, mejorando significativamente la experiencia sonora para sus usuarios.","robots":{"index":"index","follow":"follow","max-snippet":"max-snippet:-1","max-image-preview":"max-image-preview:large","max-video-preview":"max-video-preview:-1"},"canonical":"https:\/\/www.aplicacionsaudiovisuals.com\/es\/el-centro-wellness-parc-del-migdia-renueva-su-sistema-electroacustico\/","og_locale":"es_ES","og_type":"article","og_title":"El Centro Wellness Parc del Migdia renueva su sistema electroac\u00fastico - Aplicacions Audiovisuals","og_description":"El Centro Wellness del Parque del Mediod\u00eda ha llevado a cabo una renovaci\u00f3n integral de su sistema electroac\u00fastico, mejorando significativamente la experiencia sonora para sus usuarios.","og_url":"https:\/\/www.aplicacionsaudiovisuals.com\/es\/el-centro-wellness-parc-del-migdia-renueva-su-sistema-electroacustico\/","og_site_name":"Aplicacions Audiovisuals","article_publisher":"https:\/\/www.facebook.com\/aplicacionsaudiovisuals","article_published_time":"2018-02-22T15:42:00+00:00","article_modified_time":"2025-04-23T08:49:43+00:00","og_image":[{"width":1300,"height":867,"url":"https:\/\/www.aplicacionsaudiovisuals.com\/wp-content\/uploads\/2025\/03\/Centre-Wellness-Parc-del-Migdia-renova-el-seu-sistema-electroacustic.jpg","type":"image\/jpeg"}],"author":"digital@marlonbranding.net","twitter_card":"summary_large_image","twitter_misc":{"Escrito por":"digital@marlonbranding.net","Tiempo de lectura":"1 minuto"},"schema":{"@context":"https:\/\/schema.org","@graph":[{"@type":"Article","@id":"https:\/\/www.aplicacionsaudiovisuals.com\/es\/el-centro-wellness-parc-del-migdia-renueva-su-sistema-electroacustico\/#article","isPartOf":{"@id":"https:\/\/www.aplicacionsaudiovisuals.com\/es\/el-centro-wellness-parc-del-migdia-renueva-su-sistema-electroacustico\/"},"author":{"name":"digital@marlonbranding.net","@id":"https:\/\/www.aplicacionsaudiovisuals.com\/es\/#\/schema\/person\/ce9fea12da16ed781032a1c66b9fd6ea"},"headline":"El Centro Wellness Parc del Migdia renueva su sistema electroac\u00fastico","datePublished":"2018-02-22T15:42:00+00:00","dateModified":"2025-04-23T08:49:43+00:00","mainEntityOfPage":{"@id":"https:\/\/www.aplicacionsaudiovisuals.com\/es\/el-centro-wellness-parc-del-migdia-renueva-su-sistema-electroacustico\/"},"wordCount":152,"commentCount":0,"publisher":{"@id":"https:\/\/www.aplicacionsaudiovisuals.com\/es\/#organization"},"image":{"@id":"https:\/\/www.aplicacionsaudiovisuals.com\/es\/el-centro-wellness-parc-del-migdia-renueva-su-sistema-electroacustico\/#primaryimage"},"thumbnailUrl":"https:\/\/www.aplicacionsaudiovisuals.com\/wp-content\/uploads\/2025\/03\/Centre-Wellness-Parc-del-Migdia-renova-el-seu-sistema-electroacustic.jpg","articleSection":["Instalaciones","Proyectos"],"inLanguage":"es","potentialAction":[{"@type":"CommentAction","name":"Comment","target":["https:\/\/www.aplicacionsaudiovisuals.com\/es\/el-centro-wellness-parc-del-migdia-renueva-su-sistema-electroacustico\/#respond"]}]},{"@type":"WebPage","@id":"https:\/\/www.aplicacionsaudiovisuals.com\/es\/el-centro-wellness-parc-del-migdia-renueva-su-sistema-electroacustico\/","url":"https:\/\/www.aplicacionsaudiovisuals.com\/es\/el-centro-wellness-parc-del-migdia-renueva-su-sistema-electroacustico\/","name":"El Centro Wellness Parc del Migdia renueva su sistema electroac\u00fastico - Aplicacions Audiovisuals","isPartOf":{"@id":"https:\/\/www.aplicacionsaudiovisuals.com\/es\/#website"},"primaryImageOfPage":{"@id":"https:\/\/www.aplicacionsaudiovisuals.com\/es\/el-centro-wellness-parc-del-migdia-renueva-su-sistema-electroacustico\/#primaryimage"},"image":{"@id":"https:\/\/www.aplicacionsaudiovisuals.com\/es\/el-centro-wellness-parc-del-migdia-renueva-su-sistema-electroacustico\/#primaryimage"},"thumbnailUrl":"https:\/\/www.aplicacionsaudiovisuals.com\/wp-content\/uploads\/2025\/03\/Centre-Wellness-Parc-del-Migdia-renova-el-seu-sistema-electroacustic.jpg","datePublished":"2018-02-22T15:42:00+00:00","dateModified":"2025-04-23T08:49:43+00:00","description":"El Centro Wellness del Parque del Mediod\u00eda ha llevado a cabo una renovaci\u00f3n integral de su sistema electroac\u00fastico, mejorando significativamente la experiencia sonora para sus usuarios.","breadcrumb":{"@id":"https:\/\/www.aplicacionsaudiovisuals.com\/es\/el-centro-wellness-parc-del-migdia-renueva-su-sistema-electroacustico\/#breadcrumb"},"inLanguage":"es","potentialAction":[{"@type":"ReadAction","target":["https:\/\/www.aplicacionsaudiovisuals.com\/es\/el-centro-wellness-parc-del-migdia-renueva-su-sistema-electroacustico\/"]}]},{"@type":"ImageObject","inLanguage":"es","@id":"https:\/\/www.aplicacionsaudiovisuals.com\/es\/el-centro-wellness-parc-del-migdia-renueva-su-sistema-electroacustico\/#primaryimage","url":"https:\/\/www.aplicacionsaudiovisuals.com\/wp-content\/uploads\/2025\/03\/Centre-Wellness-Parc-del-Migdia-renova-el-seu-sistema-electroacustic.jpg","contentUrl":"https:\/\/www.aplicacionsaudiovisuals.com\/wp-content\/uploads\/2025\/03\/Centre-Wellness-Parc-del-Migdia-renova-el-seu-sistema-electroacustic.jpg","width":1300,"height":867,"caption":"El Centre Wellness Parc del Migdia renova el seu sistema electroac\u00fastic"},{"@type":"BreadcrumbList","@id":"https:\/\/www.aplicacionsaudiovisuals.com\/es\/el-centro-wellness-parc-del-migdia-renueva-su-sistema-electroacustico\/#breadcrumb","itemListElement":[{"@type":"ListItem","position":1,"name":"Inici","item":"https:\/\/www.aplicacionsaudiovisuals.com\/es\/"},{"@type":"ListItem","position":2,"name":"El Centro Wellness Parc del Migdia renueva su sistema electroac\u00fastico"}]},{"@type":"WebSite","@id":"https:\/\/www.aplicacionsaudiovisuals.com\/es\/#website","url":"https:\/\/www.aplicacionsaudiovisuals.com\/es\/","name":"Aplicacions Audiovisuals","description":"Projectes de condicionament ac\u00fastic","publisher":{"@id":"https:\/\/www.aplicacionsaudiovisuals.com\/es\/#organization"},"alternateName":"Aplicacions Audiovisuals","potentialAction":[{"@type":"SearchAction","target":{"@type":"EntryPoint","urlTemplate":"https:\/\/www.aplicacionsaudiovisuals.com\/es\/?s={search_term_string}"},"query-input":{"@type":"PropertyValueSpecification","valueRequired":true,"valueName":"search_term_string"}}],"inLanguage":"es"},{"@type":"Organization","@id":"https:\/\/www.aplicacionsaudiovisuals.com\/es\/#organization","name":"Aplicacions Audiovisuals","url":"https:\/\/www.aplicacionsaudiovisuals.com\/es\/","logo":{"@type":"ImageObject","inLanguage":"es","@id":"https:\/\/www.aplicacionsaudiovisuals.com\/es\/#\/schema\/logo\/image\/","url":"https:\/\/www.aplicacionsaudiovisuals.com\/wp-content\/uploads\/2025\/03\/aplicacions-audiovisuals-logo-negre.png","contentUrl":"https:\/\/www.aplicacionsaudiovisuals.com\/wp-content\/uploads\/2025\/03\/aplicacions-audiovisuals-logo-negre.png","width":500,"height":195,"caption":"Aplicacions Audiovisuals"},"image":{"@id":"https:\/\/www.aplicacionsaudiovisuals.com\/es\/#\/schema\/logo\/image\/"},"sameAs":["https:\/\/www.facebook.com\/aplicacionsaudiovisuals"]},{"@type":"Person","@id":"https:\/\/www.aplicacionsaudiovisuals.com\/es\/#\/schema\/person\/ce9fea12da16ed781032a1c66b9fd6ea","name":"digital@marlonbranding.net","image":{"@type":"ImageObject","inLanguage":"es","@id":"https:\/\/www.aplicacionsaudiovisuals.com\/es\/#\/schema\/person\/image\/","url":"https:\/\/secure.gravatar.com\/avatar\/4ec10c50b8f12b9e82862c14ace47e70739a9e377b28c1a487f71b26e36e20e2?s=96&d=mm&r=g","contentUrl":"https:\/\/secure.gravatar.com\/avatar\/4ec10c50b8f12b9e82862c14ace47e70739a9e377b28c1a487f71b26e36e20e2?s=96&d=mm&r=g","caption":"digital@marlonbranding.net"},"sameAs":["https:\/\/www.aplicacionsaudiovisuals.com"],"url":"https:\/\/www.aplicacionsaudiovisuals.com\/es\/author\/digitalmarlonbranding-net\/"}]}},"_links":{"self":[{"href":"https:\/\/www.aplicacionsaudiovisuals.com\/es\/wp-json\/wp\/v2\/posts\/11993","targetHints":{"allow":["GET"]}}],"collection":[{"href":"https:\/\/www.aplicacionsaudiovisuals.com\/es\/wp-json\/wp\/v2\/posts"}],"about":[{"href":"https:\/\/www.aplicacionsaudiovisuals.com\/es\/wp-json\/wp\/v2\/types\/post"}],"author":[{"embeddable":true,"href":"https:\/\/www.aplicacionsaudiovisuals.com\/es\/wp-json\/wp\/v2\/users\/1"}],"replies":[{"embeddable":true,"href":"https:\/\/www.aplicacionsaudiovisuals.com\/es\/wp-json\/wp\/v2\/comments?post=11993"}],"version-history":[{"count":1,"href":"https:\/\/www.aplicacionsaudiovisuals.com\/es\/wp-json\/wp\/v2\/posts\/11993\/revisions"}],"predecessor-version":[{"id":11994,"href":"https:\/\/www.aplicacionsaudiovisuals.com\/es\/wp-json\/wp\/v2\/posts\/11993\/revisions\/11994"}],"wp:featuredmedia":[{"embeddable":true,"href":"https:\/\/www.aplicacionsaudiovisuals.com\/es\/wp-json\/wp\/v2\/media\/11875"}],"wp:attachment":[{"href":"https:\/\/www.aplicacionsaudiovisuals.com\/es\/wp-json\/wp\/v2\/media?parent=11993"}],"wp:term":[{"taxonomy":"category","embeddable":true,"href":"https:\/\/www.aplicacionsaudiovisuals.com\/es\/wp-json\/wp\/v2\/categories?post=11993"},{"taxonomy":"post_tag","embeddable":true,"href":"https:\/\/www.aplicacionsaudiovisuals.com\/es\/wp-json\/wp\/v2\/tags?post=11993"}],"curies":[{"name":"wp","href":"https:\/\/api.w.org\/{rel}","templated":true}]}}